[{"@context":"https:\/\/schema.org\/","@type":"Article","@id":"https:\/\/www.tapomat.cz\/dekorace-pro-adventni-cas\/#Article","mainEntityOfPage":"https:\/\/www.tapomat.cz\/dekorace-pro-adventni-cas\/","headline":"Dekorace pro adventn\u00ed \u010das","name":"Dekorace pro adventn\u00ed \u010das","description":"Tak jako ka\u017ed\u00fd rok i letos, v \u010dase, kdy se bl\u00ed\u017e\u00ed V\u00e1noce, chce ka\u017ed\u00fd z n\u00e1s vykouzlit doma a mnohdy&hellip;","datePublished":"2024-04-17","dateModified":"2024-04-17","author":{"@type":"Person","@id":"https:\/\/www.tapomat.cz\/author\/devene\/#Person","name":"devene","url":"https:\/\/www.tapomat.cz\/author\/devene\/","identifier":1,"image":{"@type":"ImageObject","@id":"https:\/\/secure.gravatar.com\/avatar\/b72fc1bf1bf254b4118ef99c1da35a199f5a8e7c33c2166eae92618994df57ea?s=96&d=mm&r=g","url":"https:\/\/secure.gravatar.com\/avatar\/b72fc1bf1bf254b4118ef99c1da35a199f5a8e7c33c2166eae92618994df57ea?s=96&d=mm&r=g","height":96,"width":96}},"publisher":{"@type":"Organization","name":"tapomat.cz","logo":{"@type":"ImageObject","@id":"\/logo.png","url":"\/logo.png","width":600,"height":60}},"url":"https:\/\/www.tapomat.cz\/dekorace-pro-adventni-cas\/","wordCount":256,"articleBody":"Tak jako ka\u017ed\u00fd rok i letos, v \u010dase, kdy se bl\u00ed\u017e\u00ed V\u00e1noce, chce ka\u017ed\u00fd z n\u00e1s vykouzlit doma a mnohdy i na pracovi\u0161ti co nejlep\u0161\u00ed atmosf\u00e9ru, kter\u00e1 by n\u00e1m navodila tu spr\u00e1vnou sv\u00e1te\u010dn\u00ed n\u00e1ladu. V \u010dase, kdy za\u010d\u00edn\u00e1 Advent, t\u00e9m\u011b\u0159 v\u0161ichni z n\u00e1s zapalujeme sv\u00ed\u010dky na v\u011bnci. Ale co kdy\u017e letos v\u011bnec nem\u00e1te? Co kdy\u017e nev\u00edte, kde byste mohli n\u011bjak\u00fd p\u011bkn\u00fd sehnat? Porad\u00edme v\u00e1m! Pod\u00edvejte se na n\u00e1\u0161 p\u0159ehledn\u00fd web a zjist\u00edte, \u017ee v na\u0161\u00ed aktu\u00e1ln\u00ed nab\u00eddce nechyb\u00ed skute\u010dn\u011b kr\u00e1sn\u00e9 a designov\u011b poveden\u00e9 Adventn\u00ed v\u011bnce.Dok\u00e1\u017eete si Advent p\u0159edstavit bez zap\u00e1len\u00e9ho dekora\u010dn\u00edho v\u011bnce?V\u017edy\u0165 kdo by si v\u016fbec dok\u00e1zal p\u0159edstavit \u010das slaven\u00ed p\u0159\u00edchodu V\u00e1noc bez adventn\u00edho v\u011bnce? Kdo by nerad koukal do mihotaj\u00edc\u00edho se plam\u00ednku, kter\u00fd vesele pob\u00edh\u00e1 na vrcholku sv\u00ed\u010dky. No a ta je zase zasazena do kr\u00e1sn\u00e9ho a umn\u011b proveden\u00e9ho v\u011bnce. V\u017edy to ve v\u00e1s vyvol\u00e1 \u00fasm\u011bv a poct pohody, \u017ee? Tak se pod\u00edvejte na n\u00e1\u0161 web a pro leto\u0161ek si vyberte n\u011bjak\u00fd v\u011bnec z na\u0161\u00ed nab\u00eddky! V\u00edme, \u017ee se v\u00e1m na\u0161e nab\u00eddka zal\u00edb\u00ed, tak se b\u011b\u017ete pod\u00edvat a vybrat si k n\u00e1m je\u0161t\u011b dnes! T\u011b\u0161\u00edme se na v\u00e1s!                                                                                                                                                                                                                                                                                                                                                                                                "},{"@context":"https:\/\/schema.org\/","@type":"BreadcrumbList","itemListElement":[{"@type":"ListItem","position":1,"name":"Dekorace pro adventn\u00ed \u010das","item":"https:\/\/www.tapomat.cz\/dekorace-pro-adventni-cas\/#breadcrumbitem"}]}]